{"id":87,"date":"2023-12-05T09:48:00","date_gmt":"2023-12-05T08:48:00","guid":{"rendered":"https:\/\/www.macola.cz\/?p=87"},"modified":"2023-12-02T20:59:21","modified_gmt":"2023-12-02T19:59:21","slug":"objevovani-drobnych-radovanek-pri-cestovani","status":"publish","type":"post","link":"https:\/\/www.macola.cz\/?p=87","title":{"rendered":"Objevov\u00e1n\u00ed drobn\u00fdch radov\u00e1nek p\u0159i cestov\u00e1n\u00ed"},"content":{"rendered":"\n<p class=\" eplus-wrapper\">Jak si u\u017e\u00edt cestov\u00e1n\u00ed t\u00edm, \u017ee se v\u011bnujete i mal\u00fdm z\u00e1\u017eitk\u016fm<\/p>\n\n\n\n<p class=\" eplus-wrapper\">Cestov\u00e1n\u00ed je skv\u011bl\u00fd zp\u016fsob, jak pozn\u00e1vat nov\u00e1 m\u00edsta, kultury, lidi a zvyky. Cestov\u00e1n\u00ed n\u00e1m tak\u00e9 nab\u00edz\u00ed mo\u017enost pro\u017e\u00edt <strong>nezapomenuteln\u00e9 z\u00e1\u017eitky<\/strong>, kter\u00e9 n\u00e1s obohat\u00ed a roz\u0161\u00ed\u0159\u00ed na\u0161e obzory. Ale co kdy\u017e jsme na cest\u00e1ch tak zam\u011b\u0159eni na hlavn\u00ed atrakce, pam\u00e1tky a aktivity, \u017ee p\u0159ehl\u00ed\u017e\u00edme ty mal\u00e9 z\u00e1\u017eitky, kter\u00e9 by n\u00e1m mohly p\u0159in\u00e9st radost a z\u00e1bavu? V tomto \u010dl\u00e1nku v\u00e1m porad\u00edme, jak si u\u017e\u00edt cestov\u00e1n\u00ed t\u00edm, \u017ee se v\u011bnujete i t\u011bm <strong>nejmen\u0161\u00edm radov\u00e1nk\u00e1m<\/strong>, kter\u00e9 cestov\u00e1n\u00ed p\u0159in\u00e1\u0161\u00ed.<\/p>\n\n\n\n<p class=\" eplus-wrapper\">Nap\u0159\u00edklad, kdy\u017e projdete kolem leti\u0161tn\u00edho mas\u00e1\u017en\u00edho k\u0159esla, kter\u00e9 jste nikdy nevyu\u017eili, m\u016f\u017eete si \u0159\u00edci: \u201cPro\u010d ne? T\u0159eba to bude zaj\u00edmav\u00fd z\u00e1\u017eitek.\u201d Stejn\u011b tak se m\u016f\u017eete zastavit u bizarn\u00edho odpo\u010d\u00edvadla, kter\u00e9 jste ji\u017e mnohokr\u00e1t minuli, a ud\u011blat si chvilku na to, abyste si ho vyzkou\u0161eli. I ty <strong>nejmen\u0161\u00ed z\u00e1\u017eitky<\/strong> mohou p\u0159isp\u011bt k vytv\u00e1\u0159en\u00ed skv\u011bl\u00fdch vzpom\u00ednek z cestov\u00e1n\u00ed. D\u016fle\u017eit\u00e9 je b\u00fdt otev\u0159en\u00fd nov\u00fdm z\u00e1\u017eitk\u016fm a nebr\u00e1nit se ani t\u011bm nejmen\u0161\u00edm radov\u00e1nk\u00e1m, kter\u00e9 cestov\u00e1n\u00ed p\u0159in\u00e1\u0161\u00ed.<\/p>\n\n\n\n<p class=\" eplus-wrapper\">Jak\u00e9 jsou v\u00fdhody v\u011bnov\u00e1n\u00ed se mal\u00fdm z\u00e1\u017eitk\u016fm na cest\u00e1ch? Zde je n\u011bkolik z nich:<\/p>\n\n\n<ul class=\"eplus-wrapper wp-block-list eplus-styles-uid-06c823\">\n<li class=\" eplus-wrapper\">Zvy\u0161uj\u00ed na\u0161i pozornost a uv\u011bdom\u011bn\u00ed. Kdy\u017e se v\u011bnujeme mal\u00fdm z\u00e1\u017eitk\u016fm, mus\u00edme b\u00fdt v\u00edce pozorn\u00ed a vn\u00edmav\u00ed k tomu, co se d\u011bje kolem n\u00e1s. T\u00edm si l\u00e9pe v\u0161\u00edm\u00e1me detail\u016f, barev, zvuk\u016f, v\u016fn\u00ed a chut\u00ed, kter\u00e9 n\u00e1s obklopuj\u00ed. T\u00edm tak\u00e9 zvy\u0161ujeme na\u0161e uv\u011bdom\u011bn\u00ed o sob\u011b, o sv\u00fdch pocitech, my\u0161lenk\u00e1ch a pot\u0159eb\u00e1ch. T\u00edm se st\u00e1v\u00e1me v\u00edce p\u0159\u00edtomn\u00ed a <strong>\u017eijeme v okam\u017eiku<\/strong>.<\/li>\n\n\n\n<li class=\" eplus-wrapper\">Zvy\u0161uj\u00ed na\u0161i radost a \u0161t\u011bst\u00ed. Kdy\u017e se v\u011bnujeme mal\u00fdm z\u00e1\u017eitk\u016fm, m\u016f\u017eeme za\u017e\u00edt radost a \u0161t\u011bst\u00ed z t\u011bch nejjednodu\u0161\u0161\u00edch v\u011bc\u00ed. M\u016f\u017eeme se sm\u00e1t, bavit, uvolnit, odreagovat, u\u010dit se, objevovat, tvo\u0159it nebo relaxovat. T\u00edm tak\u00e9 zvy\u0161ujeme na\u0161e sebev\u011bdom\u00ed, sebe\u00factu a sebeuspokojen\u00ed. T\u00edm se st\u00e1v\u00e1me <strong>v\u00edce spokojen\u00ed a \u0161\u0165astn\u00ed<\/strong>.<\/li>\n\n\n\n<li class=\" eplus-wrapper\">Zvy\u0161uj\u00ed na\u0161i kreativitu a zv\u00eddavost. Kdy\u017e se v\u011bnujeme mal\u00fdm z\u00e1\u017eitk\u016fm, mus\u00edme b\u00fdt v\u00edce kreativn\u00ed a zv\u00eddav\u00ed. Mus\u00edme vyzkou\u0161et <strong>n\u011bco nov\u00e9ho<\/strong>, neobvykl\u00e9ho, nezn\u00e1m\u00e9ho nebo ne\u010dekan\u00e9ho. T\u00edm si rozv\u00edj\u00edme na\u0161i fantazii, p\u0159edstavivost, invenci a inovaci. T\u00edm tak\u00e9 zvy\u0161ujeme na\u0161i zv\u00eddavost, touhu po pozn\u00e1n\u00ed, dobrodru\u017estv\u00ed a z\u00e1bav\u011b. T\u00edm se st\u00e1v\u00e1me v\u00edce otev\u0159en\u00ed a flexibiln\u00ed.<\/li>\n<\/ul>\n\n\n<p class=\" eplus-wrapper\">Jak se tedy v\u011bnovat mal\u00fdm z\u00e1\u017eitk\u016fm na cest\u00e1ch? Zde je n\u011bkolik tip\u016f a p\u0159\u00edklad\u016f:<\/p>\n\n\n<ul class=\"eplus-wrapper wp-block-list eplus-styles-uid-fbc199\">\n<li class=\" eplus-wrapper\">Bu\u010fte pozorn\u00ed a vn\u00edmav\u00ed. Kdy\u017e cestujete, sna\u017ete se vid\u011bt v\u0161echno, jako byste si vytv\u00e1\u0159eli seznam p\u0159\u00e1n\u00ed v hlav\u011b. V\u0161imn\u011bte si v\u0161ech zaj\u00edmav\u00fdch, kr\u00e1sn\u00fdch, z\u00e1bavn\u00fdch nebo podivn\u00fdch v\u011bc\u00ed, kter\u00e9 potk\u00e1te. <strong>Neignorujte je<\/strong>, ale zkuste si je prohl\u00e9dnout, dotknout se, ochutnat, vyzkou\u0161et nebo si je vyfotit. M\u016f\u017eete si tak\u00e9 d\u011blat pozn\u00e1mky, kreslit, ps\u00e1t nebo nahr\u00e1vat sv\u00e9 z\u00e1\u017eitky. T\u00edm si je l\u00e9pe zapamatujete a ocen\u00edte.<\/li>\n\n\n\n<li class=\" eplus-wrapper\">Bu\u010fte otev\u0159en\u00ed a flexibiln\u00ed. Kdy\u017e cestujete, sna\u017ete se <strong>nepl\u00e1novat v\u0161echno<\/strong> dop\u0159edu, ale nechte si prostor pro spont\u00e1nnost a improvizaci. Nebojte se zm\u011bnit sv\u016fj pl\u00e1n, pokud naraz\u00edte na n\u011bco, co v\u00e1s zaujme nebo p\u0159ekvap\u00ed. Nebojte se tak\u00e9 \u0159\u00edct ano, kdy\u017e v\u00e1s n\u011bkdo pozve na n\u011bco, co jste nikdy ned\u011blali nebo nezkusili. <strong>Nebojte se tak\u00e9 \u0159\u00edct ne<\/strong>, kdy\u017e v\u00e1s n\u011bco nebav\u00ed nebo stresuje. T\u00edm si udr\u017e\u00edte svou svobodu a radost z cestov\u00e1n\u00ed.<\/li>\n\n\n\n<li class=\" eplus-wrapper\">Bu\u010fte zv\u00eddav\u00ed a u\u010denliv\u00ed. Kdy\u017e cestujete, sna\u017ete se u\u010dit se n\u011bco nov\u00e9ho, co se t\u00fdk\u00e1 m\u00edsta, kultury, lid\u00ed nebo zvyk\u016f, kter\u00e9 nav\u0161t\u011bvujete. Zeptejte se na to, co v\u00e1s zaj\u00edm\u00e1, a poslouchejte odpov\u011bdi. P\u0159e\u010dt\u011bte si n\u011bco o historii, geografii, um\u011bn\u00ed nebo politice m\u00edsta. Zkuste se <strong>nau\u010dit n\u011bkolik slov nebo fr\u00e1z\u00ed<\/strong> v m\u00edstn\u00edm jazyce. Zkuste si zahr\u00e1t n\u011bjakou m\u00edstn\u00ed hru nebo si zazp\u00edvat n\u011bjakou m\u00edstn\u00ed p\u00edse\u0148. T\u00edm si roz\u0161\u00ed\u0159\u00edte sv\u00e9 znalosti a porozum\u011bn\u00ed.<\/li>\n<\/ul>\n\n\n<p class=\" eplus-wrapper\">Z\u00e1v\u011brem, cestov\u00e1n\u00ed je skv\u011bl\u00fd zp\u016fsob, jak pro\u017e\u00edt nezapomenuteln\u00e9 z\u00e1\u017eitky, kter\u00e9 n\u00e1s obohat\u00ed a <strong>roz\u0161\u00ed\u0159\u00ed na\u0161e obzory<\/strong>. Ale abychom si cestov\u00e1n\u00ed opravdu u\u017eili, mus\u00edme se v\u011bnovat i mal\u00fdm z\u00e1\u017eitk\u016fm, kter\u00e9 bychom jinak p\u0159ehl\u00e9dli. T\u00edm si zv\u00fd\u0161\u00edme na\u0161i pozornost, radost, kreativitu a zv\u00eddavost. T\u00edm se st\u00e1v\u00e1me v\u00edce p\u0159\u00edtomn\u00ed, spokojen\u00ed, otev\u0159en\u00ed a u\u010denliv\u00ed. Tak\u017ee, kdy\u017e cestujete, vid\u011bte v\u0161echno, jako byste si vytv\u00e1\u0159eli seznam p\u0159\u00e1n\u00ed v hlav\u011b. A nezapome\u0148te si u\u017e\u00edt ka\u017edou minutu.<\/p>\n","protected":false},"excerpt":{"rendered":"<p>Jak si u\u017e\u00edt cestov\u00e1n\u00ed t\u00edm, \u017ee se v\u011bnujete i mal\u00fdm z\u00e1\u017eitk\u016fm Cestov\u00e1n\u00ed je skv\u011bl\u00fd zp\u016fsob, jak pozn\u00e1vat nov\u00e1 m\u00edsta, kultury, lidi a zvyky. Cestov\u00e1n\u00ed n\u00e1m tak\u00e9 nab\u00edz\u00ed mo\u017enost pro\u017e\u00edt nezapomenuteln\u00e9 z\u00e1\u017eitky, kter\u00e9 n\u00e1s obohat\u00ed a roz\u0161\u00ed\u0159\u00ed na\u0161e obzory. Ale co kdy\u017e jsme na cest\u00e1ch tak zam\u011b\u0159eni na hlavn\u00ed atrakce, pam\u00e1tky a aktivity, \u017ee p\u0159ehl\u00ed\u017e\u00edme ty [&hellip;]<\/p>\n","protected":false},"author":1,"featured_media":88,"comment_status":"open","ping_status":"open","sticky":false,"template":"","format":"standard","meta":{"editor_plus_copied_stylings":"{}","footnotes":""},"categories":[27],"tags":[42,156,157,158,160,161,159],"class_list":["post-87","post","type-post","status-publish","format-standard","has-post-thumbnail","hentry","category-cestovani","tag-cestovani","tag-flexibilita","tag-kreativita","tag-male","tag-priklady","tag-znalosti","tag-zvidave"],"_links":{"self":[{"href":"https:\/\/www.macola.cz\/index.php?rest_route=\/wp\/v2\/posts\/87","targetHints":{"allow":["GET"]}}],"collection":[{"href":"https:\/\/www.macola.cz\/index.php?rest_route=\/wp\/v2\/posts"}],"about":[{"href":"https:\/\/www.macola.cz\/index.php?rest_route=\/wp\/v2\/types\/post"}],"author":[{"embeddable":true,"href":"https:\/\/www.macola.cz\/index.php?rest_route=\/wp\/v2\/users\/1"}],"replies":[{"embeddable":true,"href":"https:\/\/www.macola.cz\/index.php?rest_route=%2Fwp%2Fv2%2Fcomments&post=87"}],"version-history":[{"count":1,"href":"https:\/\/www.macola.cz\/index.php?rest_route=\/wp\/v2\/posts\/87\/revisions"}],"predecessor-version":[{"id":89,"href":"https:\/\/www.macola.cz\/index.php?rest_route=\/wp\/v2\/posts\/87\/revisions\/89"}],"wp:featuredmedia":[{"embeddable":true,"href":"https:\/\/www.macola.cz\/index.php?rest_route=\/wp\/v2\/media\/88"}],"wp:attachment":[{"href":"https:\/\/www.macola.cz\/index.php?rest_route=%2Fwp%2Fv2%2Fmedia&parent=87"}],"wp:term":[{"taxonomy":"category","embeddable":true,"href":"https:\/\/www.macola.cz\/index.php?rest_route=%2Fwp%2Fv2%2Fcategories&post=87"},{"taxonomy":"post_tag","embeddable":true,"href":"https:\/\/www.macola.cz\/index.php?rest_route=%2Fwp%2Fv2%2Ftags&post=87"}],"curies":[{"name":"wp","href":"https:\/\/api.w.org\/{rel}","templated":true}]}}